{"id":14914,"date":"2019-05-18T12:57:56","date_gmt":"2019-05-18T10:57:56","guid":{"rendered":"https:\/\/www.lesarmures.ch\/cirque-du-soleil-with-its-show-totem-in-plainpalais\/"},"modified":"2019-05-18T12:57:56","modified_gmt":"2019-05-18T10:57:56","slug":"cirque-du-soleil-with-its-show-totem-in-plainpalais","status":"publish","type":"post","link":"https:\/\/www.lesarmures.ch\/en\/cirque-du-soleil-with-its-show-totem-in-plainpalais\/","title":{"rendered":"Cirque du soleil : TOTEM in Plainpalais"},"content":{"rendered":"<p>From May 9th until June 16th 2019<\/p>\n<p>Exceptional! For the first time, the famous Cirque du Soleil will take place to Plaine de Plainpalais under the white Grand Chapiteau with its fabulous show: TOTEM.<\/p>\n<p>TOTEM follows the human species from original amphibian state to ultimate desire to fly. The characters evolve on a stage, evoking a giant turtle, the symbol of origin for many ancient civilizations. TOTEM explores the ties that bind Man to other species, his dreams and his infinite potential.<\/p>\n<p>Do not hesitate to contact our concierge for all information and ticket reservations.<\/p>\n<p><u>Informations and tickets<\/u><\/p>\n<p>Site\u00a0: <a href=\"https:\/\/www.cirquedusoleil.com\/totem\" target=\"_blank\" rel=\"noopener\">https:\/\/www.cirquedusoleil.com\/totem<\/a><\/p>\n","protected":false},"excerpt":{"rendered":"<p>From May 9th until June 16th 2019 Exceptional! For the first time, the famous Cirque du Soleil will take place to Plaine de Plainpalais under the white Grand Chapiteau with its fabulous show: TOTEM. TOTEM follows the human species from original amphibian state to ultimate desire to fly. The characters evolve on a stage, evoking [&hellip;]<\/p>\n","protected":false},"author":1,"featured_media":13144,"comment_status":"closed","ping_status":"closed","sticky":false,"template":"","format":"standard","meta":{"inline_featured_image":false,"footnotes":""},"categories":[61,62],"tags":[],"class_list":["post-14914","post","type-post","status-publish","format-standard","has-post-thumbnail","hentry","category-geneva-surrounding-area","category-uncategorized"],"yoast_head":"<!-- This site is optimized with the Yoast SEO plugin v27.5 - https:\/\/yoast.com\/product\/yoast-seo-wordpress\/ -->\n<title>Cirque du soleil : TOTEM in Plainpalais - Hotel Les Armures Gen\u00e8ve<\/title>\n<meta name=\"robots\" content=\"index, follow, max-snippet:-1, max-image-preview:large, max-video-preview:-1\" \/>\n<link rel=\"canonical\" href=\"https:\/\/www.lesarmures.ch\/en\/cirque-du-soleil-with-its-show-totem-in-plainpalais\/\" \/>\n<meta property=\"og:locale\" content=\"en_US\" \/>\n<meta property=\"og:type\" content=\"article\" \/>\n<meta property=\"og:title\" content=\"Cirque du soleil : TOTEM in Plainpalais - Hotel Les Armures Gen\u00e8ve\" \/>\n<meta property=\"og:description\" content=\"From May 9th until June 16th 2019 Exceptional! For the first time, the famous Cirque du Soleil will take place to Plaine de Plainpalais under the white Grand Chapiteau with its fabulous show: TOTEM. TOTEM follows the human species from original amphibian state to ultimate desire to fly. The characters evolve on a stage, evoking [&hellip;]\" \/>\n<meta property=\"og:url\" content=\"https:\/\/www.lesarmures.ch\/en\/cirque-du-soleil-with-its-show-totem-in-plainpalais\/\" \/>\n<meta property=\"og:site_name\" content=\"Hotel Les Armures Gen\u00e8ve\" \/>\n<meta property=\"article:published_time\" content=\"2019-05-18T10:57:56+00:00\" \/>\n<meta property=\"og:image\" content=\"https:\/\/www.lesarmures.ch\/wp-content\/uploads\/2019\/05\/cirque-du-soleil-20170907-tts-site-large3.jpg\" \/>\n\t<meta property=\"og:image:width\" content=\"1200\" \/>\n\t<meta property=\"og:image:height\" content=\"600\" \/>\n\t<meta property=\"og:image:type\" content=\"image\/jpeg\" \/>\n<meta name=\"author\" content=\"lesarmures.gc\" \/>\n<meta name=\"twitter:card\" content=\"summary_large_image\" \/>\n<meta name=\"twitter:creator\" content=\"@lesarmures.gc\" \/>\n<meta name=\"twitter:label1\" content=\"Written by\" \/>\n\t<meta name=\"twitter:data1\" content=\"lesarmures.gc\" \/>\n\t<meta name=\"twitter:label2\" content=\"Est. reading time\" \/>\n\t<meta name=\"twitter:data2\" content=\"1 minute\" \/>\n<script type=\"application\/ld+json\" class=\"yoast-schema-graph\">{\"@context\":\"https:\\\/\\\/schema.org\",\"@graph\":[{\"@type\":\"Article\",\"@id\":\"https:\\\/\\\/www.lesarmures.ch\\\/en\\\/cirque-du-soleil-with-its-show-totem-in-plainpalais\\\/#article\",\"isPartOf\":{\"@id\":\"https:\\\/\\\/www.lesarmures.ch\\\/en\\\/cirque-du-soleil-with-its-show-totem-in-plainpalais\\\/\"},\"author\":{\"name\":\"lesarmures.gc\",\"@id\":\"https:\\\/\\\/www.lesarmures.ch\\\/ru\\\/#\\\/schema\\\/person\\\/3b32e1b004e0f62fefccfaf340369da3\"},\"headline\":\"Cirque du soleil : TOTEM in Plainpalais\",\"datePublished\":\"2019-05-18T10:57:56+00:00\",\"mainEntityOfPage\":{\"@id\":\"https:\\\/\\\/www.lesarmures.ch\\\/en\\\/cirque-du-soleil-with-its-show-totem-in-plainpalais\\\/\"},\"wordCount\":109,\"publisher\":{\"@id\":\"https:\\\/\\\/www.lesarmures.ch\\\/ru\\\/#organization\"},\"image\":{\"@id\":\"https:\\\/\\\/www.lesarmures.ch\\\/en\\\/cirque-du-soleil-with-its-show-totem-in-plainpalais\\\/#primaryimage\"},\"thumbnailUrl\":\"https:\\\/\\\/www.lesarmures.ch\\\/wp-content\\\/uploads\\\/2019\\\/05\\\/cirque-du-soleil-20170907-tts-site-large3.jpg\",\"articleSection\":[\"Geneva &amp; surrounding area\"],\"inLanguage\":\"en-US\"},{\"@type\":\"WebPage\",\"@id\":\"https:\\\/\\\/www.lesarmures.ch\\\/en\\\/cirque-du-soleil-with-its-show-totem-in-plainpalais\\\/\",\"url\":\"https:\\\/\\\/www.lesarmures.ch\\\/en\\\/cirque-du-soleil-with-its-show-totem-in-plainpalais\\\/\",\"name\":\"Cirque du soleil : TOTEM in Plainpalais - Hotel Les Armures Gen\u00e8ve\",\"isPartOf\":{\"@id\":\"https:\\\/\\\/www.lesarmures.ch\\\/ru\\\/#website\"},\"primaryImageOfPage\":{\"@id\":\"https:\\\/\\\/www.lesarmures.ch\\\/en\\\/cirque-du-soleil-with-its-show-totem-in-plainpalais\\\/#primaryimage\"},\"image\":{\"@id\":\"https:\\\/\\\/www.lesarmures.ch\\\/en\\\/cirque-du-soleil-with-its-show-totem-in-plainpalais\\\/#primaryimage\"},\"thumbnailUrl\":\"https:\\\/\\\/www.lesarmures.ch\\\/wp-content\\\/uploads\\\/2019\\\/05\\\/cirque-du-soleil-20170907-tts-site-large3.jpg\",\"datePublished\":\"2019-05-18T10:57:56+00:00\",\"breadcrumb\":{\"@id\":\"https:\\\/\\\/www.lesarmures.ch\\\/en\\\/cirque-du-soleil-with-its-show-totem-in-plainpalais\\\/#breadcrumb\"},\"inLanguage\":\"en-US\",\"potentialAction\":[{\"@type\":\"ReadAction\",\"target\":[\"https:\\\/\\\/www.lesarmures.ch\\\/en\\\/cirque-du-soleil-with-its-show-totem-in-plainpalais\\\/\"]}]},{\"@type\":\"ImageObject\",\"inLanguage\":\"en-US\",\"@id\":\"https:\\\/\\\/www.lesarmures.ch\\\/en\\\/cirque-du-soleil-with-its-show-totem-in-plainpalais\\\/#primaryimage\",\"url\":\"https:\\\/\\\/www.lesarmures.ch\\\/wp-content\\\/uploads\\\/2019\\\/05\\\/cirque-du-soleil-20170907-tts-site-large3.jpg\",\"contentUrl\":\"https:\\\/\\\/www.lesarmures.ch\\\/wp-content\\\/uploads\\\/2019\\\/05\\\/cirque-du-soleil-20170907-tts-site-large3.jpg\",\"width\":1200,\"height\":600},{\"@type\":\"BreadcrumbList\",\"@id\":\"https:\\\/\\\/www.lesarmures.ch\\\/en\\\/cirque-du-soleil-with-its-show-totem-in-plainpalais\\\/#breadcrumb\",\"itemListElement\":[{\"@type\":\"ListItem\",\"position\":1,\"name\":\"Accueil\",\"item\":\"https:\\\/\\\/www.lesarmures.ch\\\/en\\\/\"},{\"@type\":\"ListItem\",\"position\":2,\"name\":\"Cirque du soleil : TOTEM in Plainpalais\"}]},{\"@type\":\"WebSite\",\"@id\":\"https:\\\/\\\/www.lesarmures.ch\\\/ru\\\/#website\",\"url\":\"https:\\\/\\\/www.lesarmures.ch\\\/ru\\\/\",\"name\":\"Les Armures : H\u00f4tel 5 \u00e9toiles et restaurant \u00e0 Gen\u00e8ve\",\"description\":\"\",\"publisher\":{\"@id\":\"https:\\\/\\\/www.lesarmures.ch\\\/ru\\\/#organization\"},\"potentialAction\":[{\"@type\":\"SearchAction\",\"target\":{\"@type\":\"EntryPoint\",\"urlTemplate\":\"https:\\\/\\\/www.lesarmures.ch\\\/ru\\\/?s={search_term_string}\"},\"query-input\":{\"@type\":\"PropertyValueSpecification\",\"valueRequired\":true,\"valueName\":\"search_term_string\"}}],\"inLanguage\":\"en-US\"},{\"@type\":\"Organization\",\"@id\":\"https:\\\/\\\/www.lesarmures.ch\\\/ru\\\/#organization\",\"name\":\"Les Armures : H\u00f4tel 5 \u00e9toiles et restaurant \u00e0 Gen\u00e8ve\",\"url\":\"https:\\\/\\\/www.lesarmures.ch\\\/ru\\\/\",\"logo\":{\"@type\":\"ImageObject\",\"inLanguage\":\"en-US\",\"@id\":\"https:\\\/\\\/www.lesarmures.ch\\\/ru\\\/#\\\/schema\\\/logo\\\/image\\\/\",\"url\":\"https:\\\/\\\/www.lesarmures.ch\\\/wp-content\\\/uploads\\\/2024\\\/01\\\/logo_alt_retina.png\",\"contentUrl\":\"https:\\\/\\\/www.lesarmures.ch\\\/wp-content\\\/uploads\\\/2024\\\/01\\\/logo_alt_retina.png\",\"width\":726,\"height\":169,\"caption\":\"Les Armures : H\u00f4tel 5 \u00e9toiles et restaurant \u00e0 Gen\u00e8ve\"},\"image\":{\"@id\":\"https:\\\/\\\/www.lesarmures.ch\\\/ru\\\/#\\\/schema\\\/logo\\\/image\\\/\"}},{\"@type\":\"Person\",\"@id\":\"https:\\\/\\\/www.lesarmures.ch\\\/ru\\\/#\\\/schema\\\/person\\\/3b32e1b004e0f62fefccfaf340369da3\",\"name\":\"lesarmures.gc\",\"sameAs\":[\"https:\\\/\\\/www.lesarmures.ch\",\"https:\\\/\\\/x.com\\\/lesarmures.gc\"],\"url\":\"https:\\\/\\\/www.lesarmures.ch\\\/en\\\/author\\\/lesarmures-gc\\\/\"}]}<\/script>\n<!-- \/ Yoast SEO plugin. -->","yoast_head_json":{"title":"Cirque du soleil : TOTEM in Plainpalais - Hotel Les Armures Gen\u00e8ve","robots":{"index":"index","follow":"follow","max-snippet":"max-snippet:-1","max-image-preview":"max-image-preview:large","max-video-preview":"max-video-preview:-1"},"canonical":"https:\/\/www.lesarmures.ch\/en\/cirque-du-soleil-with-its-show-totem-in-plainpalais\/","og_locale":"en_US","og_type":"article","og_title":"Cirque du soleil : TOTEM in Plainpalais - Hotel Les Armures Gen\u00e8ve","og_description":"From May 9th until June 16th 2019 Exceptional! For the first time, the famous Cirque du Soleil will take place to Plaine de Plainpalais under the white Grand Chapiteau with its fabulous show: TOTEM. TOTEM follows the human species from original amphibian state to ultimate desire to fly. The characters evolve on a stage, evoking [&hellip;]","og_url":"https:\/\/www.lesarmures.ch\/en\/cirque-du-soleil-with-its-show-totem-in-plainpalais\/","og_site_name":"Hotel Les Armures Gen\u00e8ve","article_published_time":"2019-05-18T10:57:56+00:00","og_image":[{"width":1200,"height":600,"url":"https:\/\/www.lesarmures.ch\/wp-content\/uploads\/2019\/05\/cirque-du-soleil-20170907-tts-site-large3.jpg","type":"image\/jpeg"}],"author":"lesarmures.gc","twitter_card":"summary_large_image","twitter_creator":"@lesarmures.gc","twitter_misc":{"Written by":"lesarmures.gc","Est. reading time":"1 minute"},"schema":{"@context":"https:\/\/schema.org","@graph":[{"@type":"Article","@id":"https:\/\/www.lesarmures.ch\/en\/cirque-du-soleil-with-its-show-totem-in-plainpalais\/#article","isPartOf":{"@id":"https:\/\/www.lesarmures.ch\/en\/cirque-du-soleil-with-its-show-totem-in-plainpalais\/"},"author":{"name":"lesarmures.gc","@id":"https:\/\/www.lesarmures.ch\/ru\/#\/schema\/person\/3b32e1b004e0f62fefccfaf340369da3"},"headline":"Cirque du soleil : TOTEM in Plainpalais","datePublished":"2019-05-18T10:57:56+00:00","mainEntityOfPage":{"@id":"https:\/\/www.lesarmures.ch\/en\/cirque-du-soleil-with-its-show-totem-in-plainpalais\/"},"wordCount":109,"publisher":{"@id":"https:\/\/www.lesarmures.ch\/ru\/#organization"},"image":{"@id":"https:\/\/www.lesarmures.ch\/en\/cirque-du-soleil-with-its-show-totem-in-plainpalais\/#primaryimage"},"thumbnailUrl":"https:\/\/www.lesarmures.ch\/wp-content\/uploads\/2019\/05\/cirque-du-soleil-20170907-tts-site-large3.jpg","articleSection":["Geneva &amp; surrounding area"],"inLanguage":"en-US"},{"@type":"WebPage","@id":"https:\/\/www.lesarmures.ch\/en\/cirque-du-soleil-with-its-show-totem-in-plainpalais\/","url":"https:\/\/www.lesarmures.ch\/en\/cirque-du-soleil-with-its-show-totem-in-plainpalais\/","name":"Cirque du soleil : TOTEM in Plainpalais - Hotel Les Armures Gen\u00e8ve","isPartOf":{"@id":"https:\/\/www.lesarmures.ch\/ru\/#website"},"primaryImageOfPage":{"@id":"https:\/\/www.lesarmures.ch\/en\/cirque-du-soleil-with-its-show-totem-in-plainpalais\/#primaryimage"},"image":{"@id":"https:\/\/www.lesarmures.ch\/en\/cirque-du-soleil-with-its-show-totem-in-plainpalais\/#primaryimage"},"thumbnailUrl":"https:\/\/www.lesarmures.ch\/wp-content\/uploads\/2019\/05\/cirque-du-soleil-20170907-tts-site-large3.jpg","datePublished":"2019-05-18T10:57:56+00:00","breadcrumb":{"@id":"https:\/\/www.lesarmures.ch\/en\/cirque-du-soleil-with-its-show-totem-in-plainpalais\/#breadcrumb"},"inLanguage":"en-US","potentialAction":[{"@type":"ReadAction","target":["https:\/\/www.lesarmures.ch\/en\/cirque-du-soleil-with-its-show-totem-in-plainpalais\/"]}]},{"@type":"ImageObject","inLanguage":"en-US","@id":"https:\/\/www.lesarmures.ch\/en\/cirque-du-soleil-with-its-show-totem-in-plainpalais\/#primaryimage","url":"https:\/\/www.lesarmures.ch\/wp-content\/uploads\/2019\/05\/cirque-du-soleil-20170907-tts-site-large3.jpg","contentUrl":"https:\/\/www.lesarmures.ch\/wp-content\/uploads\/2019\/05\/cirque-du-soleil-20170907-tts-site-large3.jpg","width":1200,"height":600},{"@type":"BreadcrumbList","@id":"https:\/\/www.lesarmures.ch\/en\/cirque-du-soleil-with-its-show-totem-in-plainpalais\/#breadcrumb","itemListElement":[{"@type":"ListItem","position":1,"name":"Accueil","item":"https:\/\/www.lesarmures.ch\/en\/"},{"@type":"ListItem","position":2,"name":"Cirque du soleil : TOTEM in Plainpalais"}]},{"@type":"WebSite","@id":"https:\/\/www.lesarmures.ch\/ru\/#website","url":"https:\/\/www.lesarmures.ch\/ru\/","name":"Les Armures : H\u00f4tel 5 \u00e9toiles et restaurant \u00e0 Gen\u00e8ve","description":"","publisher":{"@id":"https:\/\/www.lesarmures.ch\/ru\/#organization"},"potentialAction":[{"@type":"SearchAction","target":{"@type":"EntryPoint","urlTemplate":"https:\/\/www.lesarmures.ch\/ru\/?s={search_term_string}"},"query-input":{"@type":"PropertyValueSpecification","valueRequired":true,"valueName":"search_term_string"}}],"inLanguage":"en-US"},{"@type":"Organization","@id":"https:\/\/www.lesarmures.ch\/ru\/#organization","name":"Les Armures : H\u00f4tel 5 \u00e9toiles et restaurant \u00e0 Gen\u00e8ve","url":"https:\/\/www.lesarmures.ch\/ru\/","logo":{"@type":"ImageObject","inLanguage":"en-US","@id":"https:\/\/www.lesarmures.ch\/ru\/#\/schema\/logo\/image\/","url":"https:\/\/www.lesarmures.ch\/wp-content\/uploads\/2024\/01\/logo_alt_retina.png","contentUrl":"https:\/\/www.lesarmures.ch\/wp-content\/uploads\/2024\/01\/logo_alt_retina.png","width":726,"height":169,"caption":"Les Armures : H\u00f4tel 5 \u00e9toiles et restaurant \u00e0 Gen\u00e8ve"},"image":{"@id":"https:\/\/www.lesarmures.ch\/ru\/#\/schema\/logo\/image\/"}},{"@type":"Person","@id":"https:\/\/www.lesarmures.ch\/ru\/#\/schema\/person\/3b32e1b004e0f62fefccfaf340369da3","name":"lesarmures.gc","sameAs":["https:\/\/www.lesarmures.ch","https:\/\/x.com\/lesarmures.gc"],"url":"https:\/\/www.lesarmures.ch\/en\/author\/lesarmures-gc\/"}]}},"_links":{"self":[{"href":"https:\/\/www.lesarmures.ch\/en\/wp-json\/wp\/v2\/posts\/14914","targetHints":{"allow":["GET"]}}],"collection":[{"href":"https:\/\/www.lesarmures.ch\/en\/wp-json\/wp\/v2\/posts"}],"about":[{"href":"https:\/\/www.lesarmures.ch\/en\/wp-json\/wp\/v2\/types\/post"}],"author":[{"embeddable":true,"href":"https:\/\/www.lesarmures.ch\/en\/wp-json\/wp\/v2\/users\/1"}],"replies":[{"embeddable":true,"href":"https:\/\/www.lesarmures.ch\/en\/wp-json\/wp\/v2\/comments?post=14914"}],"version-history":[{"count":0,"href":"https:\/\/www.lesarmures.ch\/en\/wp-json\/wp\/v2\/posts\/14914\/revisions"}],"wp:featuredmedia":[{"embeddable":true,"href":"https:\/\/www.lesarmures.ch\/en\/wp-json\/wp\/v2\/media\/13144"}],"wp:attachment":[{"href":"https:\/\/www.lesarmures.ch\/en\/wp-json\/wp\/v2\/media?parent=14914"}],"wp:term":[{"taxonomy":"category","embeddable":true,"href":"https:\/\/www.lesarmures.ch\/en\/wp-json\/wp\/v2\/categories?post=14914"},{"taxonomy":"post_tag","embeddable":true,"href":"https:\/\/www.lesarmures.ch\/en\/wp-json\/wp\/v2\/tags?post=14914"}],"curies":[{"name":"wp","href":"https:\/\/api.w.org\/{rel}","templated":true}]}}