{"id":14860,"date":"2022-01-10T08:30:31","date_gmt":"2022-01-10T07:30:31","guid":{"rendered":"https:\/\/www.lesarmures.ch\/festival-of-lights-2022\/"},"modified":"2022-01-10T08:30:31","modified_gmt":"2022-01-10T07:30:31","slug":"festival-of-lights-2022","status":"publish","type":"post","link":"https:\/\/www.lesarmures.ch\/en\/festival-of-lights-2022\/","title":{"rendered":"Festival of lights 2022"},"content":{"rendered":"<p>For this new edition of Geneva Lux which will take place from January 21<sup>st <\/sup>\u00a0to February 6<sup>th<\/sup>, 2022, the Festival of Lights invites artists to imagine new interactions with the elements.<\/p>\n<p>&nbsp;<\/p>\n<p>Concentrated around the harbor, the new luminous works use the surrounding nature as an ally and invite us to rethink our relationship with it. The artists put at the heart of their reflection new ways of conceiving their projects centered around energy sobriety, self-sufficiency and renewables. At the same time, certain works lead us to take another look at our heritage as if to better create bridges between our past and our future.<\/p>\n<p>&nbsp;<\/p>\n<p>Finally, to better share this unique sensory experience, the Geneva Lux invites you to experience numerous electrifying live performances alongside it!<\/p>\n<p>&nbsp;<\/p>\n<p>Information: <a href=\"https:\/\/evenements.geneve.ch\/genevalux-oeuvres\/\">https:\/\/evenements.geneve.ch\/genevalux-oeuvres\/<\/a><\/p>\n","protected":false},"excerpt":{"rendered":"<p>For this new edition of Geneva Lux which will take place from January 21st \u00a0to February 6th, 2022, the Festival of Lights invites artists to imagine new interactions with the elements. &nbsp; Concentrated around the harbor, the new luminous works use the surrounding nature as an ally and invite us to rethink our relationship with [&hellip;]<\/p>\n","protected":false},"author":1,"featured_media":12993,"comment_status":"closed","ping_status":"closed","sticky":false,"template":"","format":"standard","meta":{"inline_featured_image":false,"footnotes":""},"categories":[61],"tags":[],"class_list":["post-14860","post","type-post","status-publish","format-standard","has-post-thumbnail","hentry","category-geneva-surrounding-area"],"yoast_head":"<!-- This site is optimized with the Yoast SEO plugin v27.5 - https:\/\/yoast.com\/product\/yoast-seo-wordpress\/ -->\n<title>Festival of lights 2022 - Hotel Les Armures Gen\u00e8ve<\/title>\n<meta name=\"robots\" content=\"index, follow, max-snippet:-1, max-image-preview:large, max-video-preview:-1\" \/>\n<link rel=\"canonical\" href=\"https:\/\/www.lesarmures.ch\/en\/festival-of-lights-2022\/\" \/>\n<meta property=\"og:locale\" content=\"en_US\" \/>\n<meta property=\"og:type\" content=\"article\" \/>\n<meta property=\"og:title\" content=\"Festival of lights 2022 - Hotel Les Armures Gen\u00e8ve\" \/>\n<meta property=\"og:description\" content=\"For this new edition of Geneva Lux which will take place from January 21st \u00a0to February 6th, 2022, the Festival of Lights invites artists to imagine new interactions with the elements. &nbsp; Concentrated around the harbor, the new luminous works use the surrounding nature as an ally and invite us to rethink our relationship with [&hellip;]\" \/>\n<meta property=\"og:url\" content=\"https:\/\/www.lesarmures.ch\/en\/festival-of-lights-2022\/\" \/>\n<meta property=\"og:site_name\" content=\"Hotel Les Armures Gen\u00e8ve\" \/>\n<meta property=\"article:published_time\" content=\"2022-01-10T07:30:31+00:00\" \/>\n<meta property=\"og:image\" content=\"https:\/\/www.lesarmures.ch\/wp-content\/uploads\/2021\/12\/flower-power-2.jpg\" \/>\n\t<meta property=\"og:image:width\" content=\"1600\" \/>\n\t<meta property=\"og:image:height\" content=\"1065\" \/>\n\t<meta property=\"og:image:type\" content=\"image\/jpeg\" \/>\n<meta name=\"author\" content=\"lesarmures.gc\" \/>\n<meta name=\"twitter:card\" content=\"summary_large_image\" \/>\n<meta name=\"twitter:creator\" content=\"@lesarmures.gc\" \/>\n<meta name=\"twitter:label1\" content=\"Written by\" \/>\n\t<meta name=\"twitter:data1\" content=\"lesarmures.gc\" \/>\n\t<meta name=\"twitter:label2\" content=\"Est. reading time\" \/>\n\t<meta name=\"twitter:data2\" content=\"1 minute\" \/>\n<script type=\"application\/ld+json\" class=\"yoast-schema-graph\">{\"@context\":\"https:\\\/\\\/schema.org\",\"@graph\":[{\"@type\":\"Article\",\"@id\":\"https:\\\/\\\/www.lesarmures.ch\\\/en\\\/festival-of-lights-2022\\\/#article\",\"isPartOf\":{\"@id\":\"https:\\\/\\\/www.lesarmures.ch\\\/en\\\/festival-of-lights-2022\\\/\"},\"author\":{\"name\":\"lesarmures.gc\",\"@id\":\"https:\\\/\\\/www.lesarmures.ch\\\/ru\\\/#\\\/schema\\\/person\\\/3b32e1b004e0f62fefccfaf340369da3\"},\"headline\":\"Festival of lights 2022\",\"datePublished\":\"2022-01-10T07:30:31+00:00\",\"mainEntityOfPage\":{\"@id\":\"https:\\\/\\\/www.lesarmures.ch\\\/en\\\/festival-of-lights-2022\\\/\"},\"wordCount\":136,\"publisher\":{\"@id\":\"https:\\\/\\\/www.lesarmures.ch\\\/ru\\\/#organization\"},\"image\":{\"@id\":\"https:\\\/\\\/www.lesarmures.ch\\\/en\\\/festival-of-lights-2022\\\/#primaryimage\"},\"thumbnailUrl\":\"https:\\\/\\\/www.lesarmures.ch\\\/wp-content\\\/uploads\\\/2021\\\/12\\\/flower-power-2.jpg\",\"articleSection\":[\"Geneva &amp; surrounding area\"],\"inLanguage\":\"en-US\"},{\"@type\":\"WebPage\",\"@id\":\"https:\\\/\\\/www.lesarmures.ch\\\/en\\\/festival-of-lights-2022\\\/\",\"url\":\"https:\\\/\\\/www.lesarmures.ch\\\/en\\\/festival-of-lights-2022\\\/\",\"name\":\"Festival of lights 2022 - Hotel Les Armures Gen\u00e8ve\",\"isPartOf\":{\"@id\":\"https:\\\/\\\/www.lesarmures.ch\\\/ru\\\/#website\"},\"primaryImageOfPage\":{\"@id\":\"https:\\\/\\\/www.lesarmures.ch\\\/en\\\/festival-of-lights-2022\\\/#primaryimage\"},\"image\":{\"@id\":\"https:\\\/\\\/www.lesarmures.ch\\\/en\\\/festival-of-lights-2022\\\/#primaryimage\"},\"thumbnailUrl\":\"https:\\\/\\\/www.lesarmures.ch\\\/wp-content\\\/uploads\\\/2021\\\/12\\\/flower-power-2.jpg\",\"datePublished\":\"2022-01-10T07:30:31+00:00\",\"breadcrumb\":{\"@id\":\"https:\\\/\\\/www.lesarmures.ch\\\/en\\\/festival-of-lights-2022\\\/#breadcrumb\"},\"inLanguage\":\"en-US\",\"potentialAction\":[{\"@type\":\"ReadAction\",\"target\":[\"https:\\\/\\\/www.lesarmures.ch\\\/en\\\/festival-of-lights-2022\\\/\"]}]},{\"@type\":\"ImageObject\",\"inLanguage\":\"en-US\",\"@id\":\"https:\\\/\\\/www.lesarmures.ch\\\/en\\\/festival-of-lights-2022\\\/#primaryimage\",\"url\":\"https:\\\/\\\/www.lesarmures.ch\\\/wp-content\\\/uploads\\\/2021\\\/12\\\/flower-power-2.jpg\",\"contentUrl\":\"https:\\\/\\\/www.lesarmures.ch\\\/wp-content\\\/uploads\\\/2021\\\/12\\\/flower-power-2.jpg\",\"width\":1600,\"height\":1065},{\"@type\":\"BreadcrumbList\",\"@id\":\"https:\\\/\\\/www.lesarmures.ch\\\/en\\\/festival-of-lights-2022\\\/#breadcrumb\",\"itemListElement\":[{\"@type\":\"ListItem\",\"position\":1,\"name\":\"Accueil\",\"item\":\"https:\\\/\\\/www.lesarmures.ch\\\/en\\\/\"},{\"@type\":\"ListItem\",\"position\":2,\"name\":\"Festival of lights 2022\"}]},{\"@type\":\"WebSite\",\"@id\":\"https:\\\/\\\/www.lesarmures.ch\\\/ru\\\/#website\",\"url\":\"https:\\\/\\\/www.lesarmures.ch\\\/ru\\\/\",\"name\":\"Les Armures : H\u00f4tel 5 \u00e9toiles et restaurant \u00e0 Gen\u00e8ve\",\"description\":\"\",\"publisher\":{\"@id\":\"https:\\\/\\\/www.lesarmures.ch\\\/ru\\\/#organization\"},\"potentialAction\":[{\"@type\":\"SearchAction\",\"target\":{\"@type\":\"EntryPoint\",\"urlTemplate\":\"https:\\\/\\\/www.lesarmures.ch\\\/ru\\\/?s={search_term_string}\"},\"query-input\":{\"@type\":\"PropertyValueSpecification\",\"valueRequired\":true,\"valueName\":\"search_term_string\"}}],\"inLanguage\":\"en-US\"},{\"@type\":\"Organization\",\"@id\":\"https:\\\/\\\/www.lesarmures.ch\\\/ru\\\/#organization\",\"name\":\"Les Armures : H\u00f4tel 5 \u00e9toiles et restaurant \u00e0 Gen\u00e8ve\",\"url\":\"https:\\\/\\\/www.lesarmures.ch\\\/ru\\\/\",\"logo\":{\"@type\":\"ImageObject\",\"inLanguage\":\"en-US\",\"@id\":\"https:\\\/\\\/www.lesarmures.ch\\\/ru\\\/#\\\/schema\\\/logo\\\/image\\\/\",\"url\":\"https:\\\/\\\/www.lesarmures.ch\\\/wp-content\\\/uploads\\\/2024\\\/01\\\/logo_alt_retina.png\",\"contentUrl\":\"https:\\\/\\\/www.lesarmures.ch\\\/wp-content\\\/uploads\\\/2024\\\/01\\\/logo_alt_retina.png\",\"width\":726,\"height\":169,\"caption\":\"Les Armures : H\u00f4tel 5 \u00e9toiles et restaurant \u00e0 Gen\u00e8ve\"},\"image\":{\"@id\":\"https:\\\/\\\/www.lesarmures.ch\\\/ru\\\/#\\\/schema\\\/logo\\\/image\\\/\"}},{\"@type\":\"Person\",\"@id\":\"https:\\\/\\\/www.lesarmures.ch\\\/ru\\\/#\\\/schema\\\/person\\\/3b32e1b004e0f62fefccfaf340369da3\",\"name\":\"lesarmures.gc\",\"sameAs\":[\"https:\\\/\\\/www.lesarmures.ch\",\"https:\\\/\\\/x.com\\\/lesarmures.gc\"],\"url\":\"https:\\\/\\\/www.lesarmures.ch\\\/en\\\/author\\\/lesarmures-gc\\\/\"}]}<\/script>\n<!-- \/ Yoast SEO plugin. -->","yoast_head_json":{"title":"Festival of lights 2022 - Hotel Les Armures Gen\u00e8ve","robots":{"index":"index","follow":"follow","max-snippet":"max-snippet:-1","max-image-preview":"max-image-preview:large","max-video-preview":"max-video-preview:-1"},"canonical":"https:\/\/www.lesarmures.ch\/en\/festival-of-lights-2022\/","og_locale":"en_US","og_type":"article","og_title":"Festival of lights 2022 - Hotel Les Armures Gen\u00e8ve","og_description":"For this new edition of Geneva Lux which will take place from January 21st \u00a0to February 6th, 2022, the Festival of Lights invites artists to imagine new interactions with the elements. &nbsp; Concentrated around the harbor, the new luminous works use the surrounding nature as an ally and invite us to rethink our relationship with [&hellip;]","og_url":"https:\/\/www.lesarmures.ch\/en\/festival-of-lights-2022\/","og_site_name":"Hotel Les Armures Gen\u00e8ve","article_published_time":"2022-01-10T07:30:31+00:00","og_image":[{"width":1600,"height":1065,"url":"https:\/\/www.lesarmures.ch\/wp-content\/uploads\/2021\/12\/flower-power-2.jpg","type":"image\/jpeg"}],"author":"lesarmures.gc","twitter_card":"summary_large_image","twitter_creator":"@lesarmures.gc","twitter_misc":{"Written by":"lesarmures.gc","Est. reading time":"1 minute"},"schema":{"@context":"https:\/\/schema.org","@graph":[{"@type":"Article","@id":"https:\/\/www.lesarmures.ch\/en\/festival-of-lights-2022\/#article","isPartOf":{"@id":"https:\/\/www.lesarmures.ch\/en\/festival-of-lights-2022\/"},"author":{"name":"lesarmures.gc","@id":"https:\/\/www.lesarmures.ch\/ru\/#\/schema\/person\/3b32e1b004e0f62fefccfaf340369da3"},"headline":"Festival of lights 2022","datePublished":"2022-01-10T07:30:31+00:00","mainEntityOfPage":{"@id":"https:\/\/www.lesarmures.ch\/en\/festival-of-lights-2022\/"},"wordCount":136,"publisher":{"@id":"https:\/\/www.lesarmures.ch\/ru\/#organization"},"image":{"@id":"https:\/\/www.lesarmures.ch\/en\/festival-of-lights-2022\/#primaryimage"},"thumbnailUrl":"https:\/\/www.lesarmures.ch\/wp-content\/uploads\/2021\/12\/flower-power-2.jpg","articleSection":["Geneva &amp; surrounding area"],"inLanguage":"en-US"},{"@type":"WebPage","@id":"https:\/\/www.lesarmures.ch\/en\/festival-of-lights-2022\/","url":"https:\/\/www.lesarmures.ch\/en\/festival-of-lights-2022\/","name":"Festival of lights 2022 - Hotel Les Armures Gen\u00e8ve","isPartOf":{"@id":"https:\/\/www.lesarmures.ch\/ru\/#website"},"primaryImageOfPage":{"@id":"https:\/\/www.lesarmures.ch\/en\/festival-of-lights-2022\/#primaryimage"},"image":{"@id":"https:\/\/www.lesarmures.ch\/en\/festival-of-lights-2022\/#primaryimage"},"thumbnailUrl":"https:\/\/www.lesarmures.ch\/wp-content\/uploads\/2021\/12\/flower-power-2.jpg","datePublished":"2022-01-10T07:30:31+00:00","breadcrumb":{"@id":"https:\/\/www.lesarmures.ch\/en\/festival-of-lights-2022\/#breadcrumb"},"inLanguage":"en-US","potentialAction":[{"@type":"ReadAction","target":["https:\/\/www.lesarmures.ch\/en\/festival-of-lights-2022\/"]}]},{"@type":"ImageObject","inLanguage":"en-US","@id":"https:\/\/www.lesarmures.ch\/en\/festival-of-lights-2022\/#primaryimage","url":"https:\/\/www.lesarmures.ch\/wp-content\/uploads\/2021\/12\/flower-power-2.jpg","contentUrl":"https:\/\/www.lesarmures.ch\/wp-content\/uploads\/2021\/12\/flower-power-2.jpg","width":1600,"height":1065},{"@type":"BreadcrumbList","@id":"https:\/\/www.lesarmures.ch\/en\/festival-of-lights-2022\/#breadcrumb","itemListElement":[{"@type":"ListItem","position":1,"name":"Accueil","item":"https:\/\/www.lesarmures.ch\/en\/"},{"@type":"ListItem","position":2,"name":"Festival of lights 2022"}]},{"@type":"WebSite","@id":"https:\/\/www.lesarmures.ch\/ru\/#website","url":"https:\/\/www.lesarmures.ch\/ru\/","name":"Les Armures : H\u00f4tel 5 \u00e9toiles et restaurant \u00e0 Gen\u00e8ve","description":"","publisher":{"@id":"https:\/\/www.lesarmures.ch\/ru\/#organization"},"potentialAction":[{"@type":"SearchAction","target":{"@type":"EntryPoint","urlTemplate":"https:\/\/www.lesarmures.ch\/ru\/?s={search_term_string}"},"query-input":{"@type":"PropertyValueSpecification","valueRequired":true,"valueName":"search_term_string"}}],"inLanguage":"en-US"},{"@type":"Organization","@id":"https:\/\/www.lesarmures.ch\/ru\/#organization","name":"Les Armures : H\u00f4tel 5 \u00e9toiles et restaurant \u00e0 Gen\u00e8ve","url":"https:\/\/www.lesarmures.ch\/ru\/","logo":{"@type":"ImageObject","inLanguage":"en-US","@id":"https:\/\/www.lesarmures.ch\/ru\/#\/schema\/logo\/image\/","url":"https:\/\/www.lesarmures.ch\/wp-content\/uploads\/2024\/01\/logo_alt_retina.png","contentUrl":"https:\/\/www.lesarmures.ch\/wp-content\/uploads\/2024\/01\/logo_alt_retina.png","width":726,"height":169,"caption":"Les Armures : H\u00f4tel 5 \u00e9toiles et restaurant \u00e0 Gen\u00e8ve"},"image":{"@id":"https:\/\/www.lesarmures.ch\/ru\/#\/schema\/logo\/image\/"}},{"@type":"Person","@id":"https:\/\/www.lesarmures.ch\/ru\/#\/schema\/person\/3b32e1b004e0f62fefccfaf340369da3","name":"lesarmures.gc","sameAs":["https:\/\/www.lesarmures.ch","https:\/\/x.com\/lesarmures.gc"],"url":"https:\/\/www.lesarmures.ch\/en\/author\/lesarmures-gc\/"}]}},"_links":{"self":[{"href":"https:\/\/www.lesarmures.ch\/en\/wp-json\/wp\/v2\/posts\/14860","targetHints":{"allow":["GET"]}}],"collection":[{"href":"https:\/\/www.lesarmures.ch\/en\/wp-json\/wp\/v2\/posts"}],"about":[{"href":"https:\/\/www.lesarmures.ch\/en\/wp-json\/wp\/v2\/types\/post"}],"author":[{"embeddable":true,"href":"https:\/\/www.lesarmures.ch\/en\/wp-json\/wp\/v2\/users\/1"}],"replies":[{"embeddable":true,"href":"https:\/\/www.lesarmures.ch\/en\/wp-json\/wp\/v2\/comments?post=14860"}],"version-history":[{"count":0,"href":"https:\/\/www.lesarmures.ch\/en\/wp-json\/wp\/v2\/posts\/14860\/revisions"}],"wp:featuredmedia":[{"embeddable":true,"href":"https:\/\/www.lesarmures.ch\/en\/wp-json\/wp\/v2\/media\/12993"}],"wp:attachment":[{"href":"https:\/\/www.lesarmures.ch\/en\/wp-json\/wp\/v2\/media?parent=14860"}],"wp:term":[{"taxonomy":"category","embeddable":true,"href":"https:\/\/www.lesarmures.ch\/en\/wp-json\/wp\/v2\/categories?post=14860"},{"taxonomy":"post_tag","embeddable":true,"href":"https:\/\/www.lesarmures.ch\/en\/wp-json\/wp\/v2\/tags?post=14860"}],"curies":[{"name":"wp","href":"https:\/\/api.w.org\/{rel}","templated":true}]}}